{"id":29612,"date":"2024-02-23T12:06:02","date_gmt":"2024-02-23T11:06:02","guid":{"rendered":"https:\/\/www.stockpadel.com\/blog\/?p=29612"},"modified":"2025-03-31T17:53:54","modified_gmt":"2025-03-31T15:53:54","slug":"premier-padel-bruxelles","status":"publish","type":"post","link":"https:\/\/www.stockpadel.com\/blog\/fr\/premier-padel-bruxelles\/","title":{"rendered":"Premier Padel Bruxelles"},"content":{"rendered":"\n<h2 class=\"wp-block-heading\"><span class=\"ez-toc-section\" id=\"Quand_et_ou_se_deroulera_le_Premier_Padel_Bruxelles_2025\"><\/span><strong>Quand et o\u00f9 se d\u00e9roulera le Premier Padel Bruxelles 2025 ?<\/strong><span class=\"ez-toc-section-end\"><\/span><\/h2>\n\n\n\n<p>Cet \u00e9v\u00e9nement se d\u00e9roulera du 21 au 27 avril dans la ville belge de Bruxelles.<\/p>\n\n\n\n<p>Les mercredis et jeudis, les meilleurs joueurs du monde s&rsquo;affronteront gratuitement sur le court 2 et au Club Tour &amp; Taxis Padel. <\/p>\n\n\n\n<figure class=\"wp-block-image size-large\"><a href=\"https:\/\/www.stockpadel.com\/blog\/wp-content\/uploads\/2024\/02\/image-1.png\"><img loading=\"lazy\" decoding=\"async\" width=\"1024\" height=\"576\" src=\"https:\/\/www.stockpadel.com\/blog\/wp-content\/uploads\/2024\/02\/image-1-1024x576.png\" alt=\"Calendario Premier 2025\" class=\"wp-image-31604\" srcset=\"https:\/\/www.stockpadel.com\/blog\/wp-content\/uploads\/2024\/02\/image-1-1024x576.png 1024w, https:\/\/www.stockpadel.com\/blog\/wp-content\/uploads\/2024\/02\/image-1-300x169.png 300w, https:\/\/www.stockpadel.com\/blog\/wp-content\/uploads\/2024\/02\/image-1-768x432.png 768w, https:\/\/www.stockpadel.com\/blog\/wp-content\/uploads\/2024\/02\/image-1-1536x864.png 1536w, https:\/\/www.stockpadel.com\/blog\/wp-content\/uploads\/2024\/02\/image-1-2048x1152.png 2048w\" sizes=\"(max-width: 1024px) 100vw, 1024px\" \/><\/a><\/figure>\n\n\n\n<h2 class=\"wp-block-heading\"><span class=\"ez-toc-section\" id=\"Ou_puis-je_acheter_des_billets_pour_le_Premier_Padel_Bruxelles_2025\"><\/span><strong>O\u00f9 puis-je acheter des billets pour le Premier Padel Bruxelles 2025 ?<\/strong><span class=\"ez-toc-section-end\"><\/span><\/h2>\n\n\n\n<p>Les billets peuvent \u00eatre achet\u00e9s \u00e0 l&rsquo;adresse suivante :<\/p>\n\n\n\n<figure class=\"wp-block-embed is-type-wp-embed is-provider-brussels-premier-padel wp-block-embed-brussels-premier-padel\"><div class=\"wp-block-embed__wrapper\">\n<blockquote class=\"wp-embedded-content\" data-secret=\"LZ3rli6I3x\"><a href=\"https:\/\/www.brusselspremierpadel.be\/ticketing\/\" target=\"_blank\" rel=\"noopener\">Ticketing<\/a><\/blockquote><iframe loading=\"lazy\" class=\"wp-embedded-content\" sandbox=\"allow-scripts\" security=\"restricted\" style=\"position: absolute; visibility: hidden;\" title=\"\u00ab\u00a0Ticketing\u00a0\u00bb &#8212; Brussels Premier Padel\" src=\"https:\/\/www.brusselspremierpadel.be\/ticketing\/embed\/#?secret=HuNYbL4Klf#?secret=LZ3rli6I3x\" data-secret=\"LZ3rli6I3x\" width=\"600\" height=\"338\" frameborder=\"0\" marginwidth=\"0\" marginheight=\"0\" scrolling=\"no\"><\/iframe>\n<\/div><\/figure>\n\n\n\n<p><a href=\"https:\/\/premierpadel.com\/es\" target=\"_blank\" rel=\"noopener\">https:\/\/premierpadel.com\/es<\/a><\/p>\n\n\n\n<h2 class=\"wp-block-heading\"><span class=\"ez-toc-section\" id=\"Ou_sera_diffuse_Premier_Padel_Brussels_2025\"><\/span><strong>O\u00f9 sera diffus\u00e9 Premier Padel Brussels 2025 ?<\/strong><span class=\"ez-toc-section-end\"><\/span><\/h2>\n\n\n\n<p>Les matchs peuvent \u00eatre suivis sur la cha\u00eene YouTube officielle de Premier Padel :<\/p>\n\n\n\n<p><a href=\"https:\/\/www.youtube.com\/@PremierPadelTV\" target=\"_blank\" rel=\"noopener\">https:\/\/www.youtube.com\/@PremierPadelTV<\/a><\/p>\n\n\n\n<p>Either through <a href=\"https:\/\/www.redbull.com\/es-es\/live-events\" target=\"_blank\" rel=\"noopener\">Red Bull Tv<\/a> or for Spanish fans movistar +.<\/p>\n","protected":false},"excerpt":{"rendered":"<p>Quand et o\u00f9 se d\u00e9roulera le Premier Padel Bruxelles 2025 ? Cet \u00e9v\u00e9nement se d\u00e9roulera du 21 au 27 avril dans la ville belge de Bruxelles. Les mercredis et jeudis, les meilleurs joueurs du monde s&rsquo;affronteront gratuitement sur le court 2 et au Club Tour &amp; Taxis Padel. O\u00f9 puis-je acheter des billets pour le &#8230; <a title=\"Premier Padel Bruxelles\" class=\"read-more\" href=\"https:\/\/www.stockpadel.com\/blog\/fr\/premier-padel-bruxelles\/\" aria-label=\"Read more about Premier Padel Bruxelles\">Lire la suite<\/a><\/p>\n","protected":false},"author":6,"featured_media":31987,"comment_status":"closed","ping_status":"closed","sticky":false,"template":"","format":"standard","meta":{"_glsr_average":0,"_glsr_ranking":0,"_glsr_reviews":0,"footnotes":""},"categories":[1303],"tags":[],"class_list":["post-29612","post","type-post","status-publish","format-standard","has-post-thumbnail","hentry","category-actualites"],"_links":{"self":[{"href":"https:\/\/www.stockpadel.com\/blog\/fr\/wp-json\/wp\/v2\/posts\/29612"}],"collection":[{"href":"https:\/\/www.stockpadel.com\/blog\/fr\/wp-json\/wp\/v2\/posts"}],"about":[{"href":"https:\/\/www.stockpadel.com\/blog\/fr\/wp-json\/wp\/v2\/types\/post"}],"author":[{"embeddable":true,"href":"https:\/\/www.stockpadel.com\/blog\/fr\/wp-json\/wp\/v2\/users\/6"}],"replies":[{"embeddable":true,"href":"https:\/\/www.stockpadel.com\/blog\/fr\/wp-json\/wp\/v2\/comments?post=29612"}],"version-history":[{"count":3,"href":"https:\/\/www.stockpadel.com\/blog\/fr\/wp-json\/wp\/v2\/posts\/29612\/revisions"}],"predecessor-version":[{"id":32250,"href":"https:\/\/www.stockpadel.com\/blog\/fr\/wp-json\/wp\/v2\/posts\/29612\/revisions\/32250"}],"wp:featuredmedia":[{"embeddable":true,"href":"https:\/\/www.stockpadel.com\/blog\/fr\/wp-json\/wp\/v2\/media\/31987"}],"wp:attachment":[{"href":"https:\/\/www.stockpadel.com\/blog\/fr\/wp-json\/wp\/v2\/media?parent=29612"}],"wp:term":[{"taxonomy":"category","embeddable":true,"href":"https:\/\/www.stockpadel.com\/blog\/fr\/wp-json\/wp\/v2\/categories?post=29612"},{"taxonomy":"post_tag","embeddable":true,"href":"https:\/\/www.stockpadel.com\/blog\/fr\/wp-json\/wp\/v2\/tags?post=29612"}],"curies":[{"name":"wp","href":"https:\/\/api.w.org\/{rel}","templated":true}]}}